{"id":1332,"date":"2019-01-18T23:58:22","date_gmt":"2019-01-18T22:58:22","guid":{"rendered":"http:\/\/www.andreschulz.de\/wordpress\/?p=1332"},"modified":"2019-01-21T00:15:31","modified_gmt":"2019-01-20T23:15:31","slug":"the-jeremy-days-24-jahre-spaeter","status":"publish","type":"post","link":"http:\/\/www.andreschulz.de\/wordpress\/2019\/01\/18\/the-jeremy-days-24-jahre-spaeter\/","title":{"rendered":"The Jeremy Days \u2013 24 Jahre sp\u00e4ter"},"content":{"rendered":"\n<p>In den ausgehenden 1980er Jahren feierten die Jeremy Days gro\u00dfe Erfolge und landeten mit dem St\u00fcck &#8222;Brand New Toy&#8220; national und international einen Riesenhit. Die Gruppe hatte sich Mitte der 1980er Jahre in Hamburg gefunden, produzierte f\u00fcnf Alben, gab unz\u00e4hlige Konzerte und trat als erste deutsche Gruppe mit englischen Texten in der ZDF-Hitparade auf. Zusammen mit den Rainbirds standen die Jeremy Days um S\u00e4nger Dirk Darmstaedter f\u00fcr flotten englischen Gitarrenpop, aber aus Deutschland.<\/p>\n\n\n\n<p>1995 war dann Schluss. Die Bandmitglieder gingen jeder ihrer eigenen Wege. Dirk Darmstaedter gr\u00fcndete das Independent Kabel tapete records und startete eine Solo-Karrriere. Keyboarder Louis Oberl\u00e4nder bet\u00e4tigte sich als Produzent und wanderte 2005 nach Los Angeles aus, wo er als Schauspieler in Kurzfilmen und Serien mitspielte. Gitarrist J\u00f6rn Heilbutt \u00fcbernahm das Hafenklang-Studio und produzierte hier Alben f\u00fcr verschiedene deutsche K\u00fcnstler. Drummer Stefan Rager wurde am Theater aktiv und arbeitete mit Robert Wilson zusammen. Bassist Christoph Kaiser wurde Filmkomponist. 2003 gab es noch einmal eine zwischenzeitiche Reunion bei einem Benefiz-Konzert &#8222;Rettet den FC St. Pauli&#8220;. Doch dann war erneut Pause. <\/p>\n\n\n\n<p>Ihr erstes &#8222;gro\u00dfes&#8220; Konzert spielten die Jeremy Days 1990 in den Hamburger Docks und etwas \u00fcber 28 Jahre sp\u00e4ter standen sie nun dort wieder auf der B\u00fchne. Der einstige Tourmanager Frank Richter hatte die Idee, dass die Jeremy Days das 30-j\u00e4hrige Jubil\u00e4um nicht einfach so verstreichen lassen sollten. Dirk Darmst\u00e4dter reichte die Idee an die einstigen Kollegen weiter und dann kam tats\u00e4chlich, 24 Jahre nach dem Ende, noch ein Live-Konzert in der alten Besetzung zusammen. Nur der Bassist von fr\u00fcher Christoph Kaiser fehlte. Er wurde von Stephan Gade ersetzt, der ebenfalls zum Dunstkreis der Band geh\u00f6rt. <\/p>\n\n\n\n<p>Klassentreffen nannte die Musikpresse das Jubil\u00e4umskonzert, und das war es auch. Zur &#8222;Klasse&#8220; geh\u00f6rte aber nicht nur die Band, sondern auch das Publikum. Das Konzert war ausverkauft, das &#8222;Klassenzimmer&#8220; bis auf den letzten Platz gef\u00fcllt. Nicht alle, aber doch ein gro\u00dfer Teil der Zuschauer stammten aus der alten Zeit. &#8222;Ihr feiert eure eigene Jugend&#8220;, kommentierte Louis Oberl\u00e4nder im sp\u00e4teren Verlauf des Konzerts die aus dem Publikum hervorbrechende Begeisterung. Die Show war f\u00fcr 20 Uhr angek\u00fcndigt, die Musiker betraten p\u00fcnktlich die B\u00fchne, eine Vorgruppe, die den Auftritt verz\u00f6gert h\u00e4tte gab es auch nicht, es ging gleich los. Eine anf\u00e4ngliche Nervosit\u00e4t legte sich schnell. Selten wurde eine Reunion von Beginn so bejubelt.&nbsp; Die Woge der Begeisterung erfasste im Nu auch die Band. Die M\u00e4nner um Dirk Damstaedter waren \u00fcberw\u00e4ltigt: &#8222;Was soll ich denn morgen machen? Einfach nur mit dem Hund rausgehen?&#8220;, fragte sich Dirk Darmstaedter. <\/p>\n\n\n\n<ul class=\"wp-block-gallery columns-3 is-cropped wp-block-gallery-1 is-layout-flex wp-block-gallery-is-layout-flex\"><li class=\"blocks-gallery-item\"><figure><img loading=\"lazy\" decoding=\"async\" width=\"1024\" height=\"682\" src=\"http:\/\/www.andreschulz.de\/wordpress\/wp-content\/uploads\/2019\/01\/DSC00032-1024x682.jpg\" alt=\"\" data-id=\"1336\" data-link=\"http:\/\/www.andreschulz.de\/wordpress\/2019\/01\/20\/the-jeremy-days-24-jahre-spaeter\/dsc00032\/\" class=\"wp-image-1336\" srcset=\"http:\/\/www.andreschulz.de\/wordpress\/wp-content\/uploads\/2019\/01\/DSC00032-1024x682.jpg 1024w, http:\/\/www.andreschulz.de\/wordpress\/wp-content\/uploads\/2019\/01\/DSC00032-300x200.jpg 300w, http:\/\/www.andreschulz.de\/wordpress\/wp-content\/uploads\/2019\/01\/DSC00032-768x512.jpg 768w, http:\/\/www.andreschulz.de\/wordpress\/wp-content\/uploads\/2019\/01\/DSC00032.jpg 2000w\" sizes=\"auto, (max-width: 1024px) 100vw, 1024px\" \/><figcaption>The Jeremy Days im Docke<\/figcaption><\/figure><\/li><li class=\"blocks-gallery-item\"><figure><img loading=\"lazy\" decoding=\"async\" width=\"1024\" height=\"682\" src=\"http:\/\/www.andreschulz.de\/wordpress\/wp-content\/uploads\/2019\/01\/DSC00064-1024x682.jpg\" alt=\"\" data-id=\"1337\" data-link=\"http:\/\/www.andreschulz.de\/wordpress\/2019\/01\/20\/the-jeremy-days-24-jahre-spaeter\/dsc00064\/\" class=\"wp-image-1337\" srcset=\"http:\/\/www.andreschulz.de\/wordpress\/wp-content\/uploads\/2019\/01\/DSC00064-1024x682.jpg 1024w, http:\/\/www.andreschulz.de\/wordpress\/wp-content\/uploads\/2019\/01\/DSC00064-300x200.jpg 300w, http:\/\/www.andreschulz.de\/wordpress\/wp-content\/uploads\/2019\/01\/DSC00064-768x512.jpg 768w, http:\/\/www.andreschulz.de\/wordpress\/wp-content\/uploads\/2019\/01\/DSC00064.jpg 2000w\" sizes=\"auto, (max-width: 1024px) 100vw, 1024px\" \/><figcaption>Jeremy Days Reunion<\/figcaption><\/figure><\/li><li class=\"blocks-gallery-item\"><figure><img loading=\"lazy\" decoding=\"async\" width=\"1024\" height=\"682\" src=\"http:\/\/www.andreschulz.de\/wordpress\/wp-content\/uploads\/2019\/01\/DSC00091-1024x682.jpg\" alt=\"\" data-id=\"1338\" data-link=\"http:\/\/www.andreschulz.de\/wordpress\/2019\/01\/20\/the-jeremy-days-24-jahre-spaeter\/dsc00091\/\" class=\"wp-image-1338\" srcset=\"http:\/\/www.andreschulz.de\/wordpress\/wp-content\/uploads\/2019\/01\/DSC00091-1024x682.jpg 1024w, http:\/\/www.andreschulz.de\/wordpress\/wp-content\/uploads\/2019\/01\/DSC00091-300x200.jpg 300w, http:\/\/www.andreschulz.de\/wordpress\/wp-content\/uploads\/2019\/01\/DSC00091-768x512.jpg 768w, http:\/\/www.andreschulz.de\/wordpress\/wp-content\/uploads\/2019\/01\/DSC00091.jpg 2000w\" sizes=\"auto, (max-width: 1024px) 100vw, 1024px\" \/><figcaption>Jeremy Days, nach 24 Jahren Pause<\/figcaption><\/figure><\/li><li class=\"blocks-gallery-item\"><figure><img loading=\"lazy\" decoding=\"async\" width=\"1024\" height=\"682\" src=\"http:\/\/www.andreschulz.de\/wordpress\/wp-content\/uploads\/2019\/01\/DSC00226-1024x682.jpg\" alt=\"\" data-id=\"1339\" data-link=\"http:\/\/www.andreschulz.de\/wordpress\/2019\/01\/20\/the-jeremy-days-24-jahre-spaeter\/dsc00226\/\" class=\"wp-image-1339\" srcset=\"http:\/\/www.andreschulz.de\/wordpress\/wp-content\/uploads\/2019\/01\/DSC00226-1024x682.jpg 1024w, http:\/\/www.andreschulz.de\/wordpress\/wp-content\/uploads\/2019\/01\/DSC00226-300x200.jpg 300w, http:\/\/www.andreschulz.de\/wordpress\/wp-content\/uploads\/2019\/01\/DSC00226-768x512.jpg 768w, http:\/\/www.andreschulz.de\/wordpress\/wp-content\/uploads\/2019\/01\/DSC00226.jpg 2000w\" sizes=\"auto, (max-width: 1024px) 100vw, 1024px\" \/><figcaption>Klassentreffen mit den Jeremy Days<\/figcaption><\/figure><\/li><\/ul>\n\n\n\n<p>Und die Jeremy Days k\u00f6nnen es noch. Sie spielten ihre alten Songs mit einer Souver\u00e4nit\u00e4t, als bef\u00e4nden sie gerade auf einer l\u00e4ngeren Tournee und h\u00e4tten nicht eine Pause von 24 Jahren gemacht. Zwischen den Titeln erz\u00e4hlten Dirk Darmstaedter und Louis Oberl\u00e4nder Geschichten oder griffen humorvoll die Zurufe aus dem Publikum auf.<br><br>Nach gut einer Stunde war der regul\u00e4re Teil des Konzerts vorbei, das Konzert selber aber noch lange nicht. Mehrmals gingen die Jeremy Days nach ein paar weiteren St\u00fccken von der B\u00fchne, wurden aber durch den Jubel stets zur\u00fcck gerufen. In der Summe gab es fast noch eine weitere Stunde Musik, nur mit Zugaben. Nach so einer Resonanz kann man wohl kaum zur Tagesordnung \u00fcbergehen, oder?<\/p>\n\n\n\n<p><a href=\"http:\/\/www.dirkdarmstaedter.com\/\" target=\"_blank\" rel=\"noreferrer noopener\" aria-label=\"Dirk Darmstaedter\n\nTapete Records (\u00f6ffnet in neuem Tab)\">Dirk Darmstaedter<\/a><br><br><a rel=\"noreferrer noopener\" aria-label=\"Dirk Darmstaedter\n\nTapete Records (\u00f6ffnet in neuem Tab)\" href=\"https:\/\/www.tapeterecords.de\/\" target=\"_blank\">Tapete Records<\/a><\/p>\n","protected":false},"excerpt":{"rendered":"<div class=\"mh-excerpt\"><p>In den ausgehenden 1980er Jahren feierten die Jeremy Days gro\u00dfe Erfolge und landeten mit dem St\u00fcck &#8222;Brand New Toy&#8220; national und international einen Riesenhit. Die <a class=\"mh-excerpt-more\" href=\"http:\/\/www.andreschulz.de\/wordpress\/2019\/01\/18\/the-jeremy-days-24-jahre-spaeter\/\" title=\"The Jeremy Days \u2013 24 Jahre sp\u00e4ter\">[&#8230;]<\/a><\/p>\n<\/div>","protected":false},"author":1,"featured_media":1333,"comment_status":"open","ping_status":"closed","sticky":false,"template":"","format":"standard","meta":{"footnotes":""},"categories":[1,15],"tags":[380,379,51,381],"class_list":["post-1332","post","type-post","status-publish","format-standard","has-post-thumbnail","hentry","category-allgemein","category-musik","tag-dirk-darmstadter","tag-docks","tag-jeremy-days","tag-louis-oberlaender"],"_links":{"self":[{"href":"http:\/\/www.andreschulz.de\/wordpress\/wp-json\/wp\/v2\/posts\/1332","targetHints":{"allow":["GET"]}}],"collection":[{"href":"http:\/\/www.andreschulz.de\/wordpress\/wp-json\/wp\/v2\/posts"}],"about":[{"href":"http:\/\/www.andreschulz.de\/wordpress\/wp-json\/wp\/v2\/types\/post"}],"author":[{"embeddable":true,"href":"http:\/\/www.andreschulz.de\/wordpress\/wp-json\/wp\/v2\/users\/1"}],"replies":[{"embeddable":true,"href":"http:\/\/www.andreschulz.de\/wordpress\/wp-json\/wp\/v2\/comments?post=1332"}],"version-history":[{"count":4,"href":"http:\/\/www.andreschulz.de\/wordpress\/wp-json\/wp\/v2\/posts\/1332\/revisions"}],"predecessor-version":[{"id":1344,"href":"http:\/\/www.andreschulz.de\/wordpress\/wp-json\/wp\/v2\/posts\/1332\/revisions\/1344"}],"wp:featuredmedia":[{"embeddable":true,"href":"http:\/\/www.andreschulz.de\/wordpress\/wp-json\/wp\/v2\/media\/1333"}],"wp:attachment":[{"href":"http:\/\/www.andreschulz.de\/wordpress\/wp-json\/wp\/v2\/media?parent=1332"}],"wp:term":[{"taxonomy":"category","embeddable":true,"href":"http:\/\/www.andreschulz.de\/wordpress\/wp-json\/wp\/v2\/categories?post=1332"},{"taxonomy":"post_tag","embeddable":true,"href":"http:\/\/www.andreschulz.de\/wordpress\/wp-json\/wp\/v2\/tags?post=1332"}],"curies":[{"name":"wp","href":"https:\/\/api.w.org\/{rel}","templated":true}]}}