{"id":1422,"date":"2019-05-09T23:28:39","date_gmt":"2019-05-09T21:28:39","guid":{"rendered":"http:\/\/www.andreschulz.de\/wordpress\/?p=1422"},"modified":"2019-05-09T23:28:41","modified_gmt":"2019-05-09T21:28:41","slug":"frankenstein-homo-deus","status":"publish","type":"post","link":"http:\/\/www.andreschulz.de\/wordpress\/2019\/05\/09\/frankenstein-homo-deus\/","title":{"rendered":"Frankenstein\/ Homo deus"},"content":{"rendered":"\n<p>Das St\u00fcck Frankenstein\/ Homo deus verbindet \u2013 am Titel unschwer zu erkennen \u2013 den Frankenstein-Mythos einerseits mit den Thesen des israelischen Historikers Yuval Noah Harari andererseits. Harari hat mit seinem Sachbuch \u201eEin kurze Geschichte der Menschheit\u201c einen modernen Klassiker geschrieben und mit \u201eHomo Deus \u2013 eine Geschichte von Morgen\u201c nachgelegt. Nat\u00fcrlich kann man eine Geschichte von morgen nicht schreiben, weil es die Geschichte noch nicht gibt. Hararis Vision ist also eine Spekulation, die er aber selbstverst\u00e4ndlich nicht etwa frei erfindet, sondern aus der bisherigen Geschichte der menschlichen Gesellschaft und der j\u00fcngeren Entwicklung im technischen Bereich herleitet. Harari spinnt die Evolution weiter und aus dem Homo Sapiens wird bei ihm der Homo Deus. Der Mensch wird zum Gott, indem er sich eine k\u00fcnstliche Intelligenz schafft, die die Aufgaben besser erledigt als der Mensch es selber kann. F\u00fcr seine Zukunftsvisionen bietet Harari verschiedene Entwicklungsvarianten an.<\/p>\n\n\n\n<p>Auch bei Mary Shelley, bei Ver\u00f6ffentlichung ihres ber\u00fchmten Frankenstein-Romans im Jahr 1818 gerade 18 Jahre alt, spielt neue Technik eine Rolle. Anfang des 19. Jahrhundert war die Elektrizit\u00e4t entdeckt worden und einige Wissenschaftler unternahmen Versuche, wie Elektrizit\u00e4t auf Tiere oder tote Menschen wirkt. Im Roman wird aus Leichenteilen vom Professor Frankenstein ein neuer Mensch zusammengesetzt und durch Elektrizit\u00e4t, durch die Blitze eines Unwetters zum Leben erweckt. Mary Shelleys neuer k\u00fcnstlicher Mensch ist allerdings ein Monster und st\u00f6\u00dft seine Erschaffer ab. Das ist der Unterschied zur heutigen Begeisterung \u00fcber die neuen M\u00f6glichkeiten der k\u00fcnstlichen Intelligenz.\u00a0<\/p>\n\n\n\n<p>In seiner Inszenierung am Thalia Theater mischt Jan Bosse die beiden Werke und l\u00e4dt zumindest zum Vergleich ein. F\u00fcr die insgesamt dreist\u00fcndige Auff\u00fchrung werden die Zuschauer in vier Gruppen aufgeteilt und durchlaufen in unterschiedlicher Reihenfolge das Theater und vier Stationen. Karin Neuh\u00e4user philosophiert als Putzfrau \u00fcber k\u00fcnstliche Intelligenz und stoppt einen Vortragsroboter, indem sie ihm den Stecker zieht. In einem Film von Jan Speckenbach brechen Menschen aus dem Menschenreservat aus. Ein Mann versucht seinen kybernetischen Nebenbuhler umzubringen, was sich als nicht so leicht erweist. Paul Schr\u00f6der und Jirka Zett suchen in einer Kabarett-Nummer im Publikum versteckte Humanoiden. Schlie\u00dflich gibt es auch noch eine gruselig realistische Vorf\u00fchrung des alten Frankensteinstoffes. Sebastian Zimmler ist der verr\u00fcckte Professor, mit blutiger Sch\u00fcrze. Marie L\u00f6cker sein Gehilfe Igor. Pascal Houdos wird als Monster auf einem eisernen Gestell in den Schn\u00fcrboden gezogen und dort durch Licht zum Leben erweckt. Das Publikum sitzt hier in einem Anatomie-H\u00f6rsaal auf der B\u00fchne, ist mitten drin im Geschehen und wird im Spiel auch mit einbezogen. &#8222;Bist du mein Vater?&#8220;, erschreckt Pascal Houdos einen Zuschauer.\u00a0 Die f\u00fcnfte Station ist klassisches Theater. Alle Zuschauergruppen sitzen zum Schluss vereint im Zuschauerraum. \u00a0\u00dcber der B\u00fchne h\u00e4ngen riesige Nervenbahnen und Synapsen, Pascal Houdos sorgt als Roboter mit staksigen Bewegungen f\u00fcr viele komische Momente. Die Menschen sind degeneriert. Karin Neuh\u00e4user lebt im Rollstuhl. Es wird beim Essen gesabbert und \u00fcber Sex mit Robotern nachgedacht. Der letzte Teil zieht sich etwas und h\u00e4tte auch k\u00fcrzer sein k\u00f6nnen. Aber sonst waren es kurzweilige dreieinhalb Stunden.<\/p>\n\n\n\n<figure class=\"wp-block-embed-youtube wp-block-embed is-type-video is-provider-youtube wp-embed-aspect-16-9 wp-has-aspect-ratio\"><div class=\"wp-block-embed__wrapper\">\n<iframe loading=\"lazy\" title=\"Trailer Frankenstein \/ Homo Deus\" width=\"500\" height=\"281\" src=\"https:\/\/www.youtube.com\/embed\/Mx15lYmuAYI?feature=oembed\" frameborder=\"0\" allow=\"accelerometer; autoplay; clipboard-write; encrypted-media; gyroscope; picture-in-picture; web-share\" referrerpolicy=\"strict-origin-when-cross-origin\" allowfullscreen><\/iframe>\n<\/div><\/figure>\n\n\n\n<p>Frankenstein \/Homo Deus am Thaia Theater, Hamburg<\/p>\n\n\n\n<p>Regie:\u00a0Jan Bosse,\u00a0<br>B\u00fchne:\u00a0St\u00e9phane Laim\u00e9<br>Kost\u00fcme:\u00a0Kathrin Plath<br>Musik:\u00a0Jonas Landerschier<br>Video:\u00a0Jan Speckenbach (Film und Video)<br>Dramaturgie:\u00a0Susanne Meister<br>Mit:\u00a0Pascal Houdus,\u00a0Marie L\u00f6cker,\u00a0Karin Neuh\u00e4user,\u00a0Paul Schr\u00f6der,\u00a0Jirka Zett,\u00a0Sebastian Zimmler<br>sowie:\u00a0Elena Beyersdorf, Catherine Claussen Vilas, Anna-Lea\nGeizler, Mila Nitzel, Don Schmidt, Thomas Geiger; Rolf Bach, Cheng Ding, Karolina\nMaria Kierzkowska (Film)<\/p>\n\n\n\n<p><\/p>\n","protected":false},"excerpt":{"rendered":"<div class=\"mh-excerpt\"><p>Das St\u00fcck Frankenstein\/ Homo deus verbindet \u2013 am Titel unschwer zu erkennen \u2013 den Frankenstein-Mythos einerseits mit den Thesen des israelischen Historikers Yuval Noah Harari <a class=\"mh-excerpt-more\" href=\"http:\/\/www.andreschulz.de\/wordpress\/2019\/05\/09\/frankenstein-homo-deus\/\" title=\"Frankenstein\/ Homo deus\">[&#8230;]<\/a><\/p>\n<\/div>","protected":false},"author":1,"featured_media":1423,"comment_status":"open","ping_status":"closed","sticky":false,"template":"","format":"standard","meta":{"footnotes":""},"categories":[1,30],"tags":[420,417,421,419,418],"class_list":["post-1422","post","type-post","status-publish","format-standard","has-post-thumbnail","hentry","category-allgemein","category-theater","tag-frankenstein","tag-frankenstein-homo-deus","tag-homo-deus-eine-geschichte-von-morgen","tag-mary-shelley","tag-yuval-noah-harari"],"_links":{"self":[{"href":"http:\/\/www.andreschulz.de\/wordpress\/wp-json\/wp\/v2\/posts\/1422","targetHints":{"allow":["GET"]}}],"collection":[{"href":"http:\/\/www.andreschulz.de\/wordpress\/wp-json\/wp\/v2\/posts"}],"about":[{"href":"http:\/\/www.andreschulz.de\/wordpress\/wp-json\/wp\/v2\/types\/post"}],"author":[{"embeddable":true,"href":"http:\/\/www.andreschulz.de\/wordpress\/wp-json\/wp\/v2\/users\/1"}],"replies":[{"embeddable":true,"href":"http:\/\/www.andreschulz.de\/wordpress\/wp-json\/wp\/v2\/comments?post=1422"}],"version-history":[{"count":1,"href":"http:\/\/www.andreschulz.de\/wordpress\/wp-json\/wp\/v2\/posts\/1422\/revisions"}],"predecessor-version":[{"id":1424,"href":"http:\/\/www.andreschulz.de\/wordpress\/wp-json\/wp\/v2\/posts\/1422\/revisions\/1424"}],"wp:featuredmedia":[{"embeddable":true,"href":"http:\/\/www.andreschulz.de\/wordpress\/wp-json\/wp\/v2\/media\/1423"}],"wp:attachment":[{"href":"http:\/\/www.andreschulz.de\/wordpress\/wp-json\/wp\/v2\/media?parent=1422"}],"wp:term":[{"taxonomy":"category","embeddable":true,"href":"http:\/\/www.andreschulz.de\/wordpress\/wp-json\/wp\/v2\/categories?post=1422"},{"taxonomy":"post_tag","embeddable":true,"href":"http:\/\/www.andreschulz.de\/wordpress\/wp-json\/wp\/v2\/tags?post=1422"}],"curies":[{"name":"wp","href":"https:\/\/api.w.org\/{rel}","templated":true}]}}