{"id":1671,"date":"2020-03-24T21:16:16","date_gmt":"2020-03-24T20:16:16","guid":{"rendered":"http:\/\/www.andreschulz.de\/wordpress\/?p=1671"},"modified":"2020-03-24T21:28:42","modified_gmt":"2020-03-24T20:28:42","slug":"verschwende-deine-jugend-zum-tod-von-gabi-delgado-lopez","status":"publish","type":"post","link":"http:\/\/www.andreschulz.de\/wordpress\/2020\/03\/24\/verschwende-deine-jugend-zum-tod-von-gabi-delgado-lopez\/","title":{"rendered":"Verschwende deine Jugend: Zum Tod von Gabi Delgado Lopez"},"content":{"rendered":"\n<p>Gabi Delgado Lopez war ohne Zweifel stilbildend, musikalisch und auch optisch. Er stammte aus Spanien, 1958 in Cordoba geboren, war als quasi-Waise bei Tanten aufgewachsen und dann in D\u00fcsseldorf gestranded. Mit dem ausgebildeten Schlagzeuger Robert G\u00f6rl gr\u00fcndete er 1978 die Band Deutsch-Amerikanische-Freundschaft. 1979 erschien ein erstes sehr experimentelles Instrumental-Album, das die Techno-Musik vorweg nahm. &#8222;Produkt der Deutsch-Amerikanischen-Freundschaft&#8220;, hie\u00df das Album ironisch. 1979 war der Kalte Krieg noch real. Es war das Jahr, in dem der so genannte &#8222;Nato-Doppelbeschluss&#8220; f\u00fcr Diskussionsstoff sorgte und mit zahlreichen Demonstrationen auf Widerstand stie\u00df.<\/p>\n\n\n\n<p>1980 folgte das Album &#8222;Die Kleinen und die B\u00f6sen&#8220;. Das Cover zeigte ein Bild von drei Sportlerinnen mit der Aufschrift CCCP auf den Trikots, im Stil des sozialistischen Realismus gemalt und stand in krassem Gegensatz zum Bandnamen. Als das Album im Juni 1980 im Studio von Conny Plank produziert wurde, bestand die Band noch aus f\u00fcnf Mitgliedern: Gabi Delgado-Lopez, Robert G\u00f6rl, Chrislo Haas (auch: Liaison Dangereux, Minus Delta Tund der Plan) Michael Kemner and Wolfgang Spelmans. Als die Band mit den St\u00fccken dieses Albums auf Tournee ging, waren noch Gabi Delgado-Lopez, Schlagzeuger Robert G\u00f6rl und Gitarrist Wolfgang Spelmans dabei. Letztere verlie\u00df die Band danach auch noch und D.A.F, wie man sich bald nannte, schrumpfte auf ein Duo zusammen. <\/p>\n\n\n\n<figure class=\"wp-block-embed-youtube wp-block-embed is-type-video is-provider-youtube wp-embed-aspect-16-9 wp-has-aspect-ratio\"><div class=\"wp-block-embed__wrapper\">\nhttps:\/\/www.youtube.com\/watch?v=e4fiukLnJ_I\n<\/div><\/figure>\n\n\n\n<p>Das Album &#8222;Die Kleinen und die B\u00f6sen&#8220; war in seinem Sound und in seinen Texten verst\u00f6rend und spannend zugleich. Es enth\u00e4lt 19 St\u00fccke, mit deutschen und spanischen Texten und beginnt einer ruhigen Techno-Marschmusik, die sich langsam aufbaut, gelegentlich von schrillen Gitarrenhupen unterbrochen. Delgado murmelt dazu:<\/p>\n\n\n\n<p>Osten w\u00e4hrt am l\u00e4ngsten. <br>Der Osten w\u00e4hrt am l\u00e4ngsten<br>Und der Osten ist am besten. <br>Und der Westen ist am besten<br>Der Luxus ist im Westen. <br>Der Westen ist zufrieden<br>Er leckt sich seine Wunden. <br>Und der Luxus ist im Westen<br>Doch der Osten w\u00e4hrt am l\u00e4ngsten. <br>Der Oosten w\u00e4hrt am l\u00e4ngsten<br>Der Osten ist am besten. <br>Der Westen ist am besten<\/p>\n\n\n\n<p>Deutlich lauter und schriller war das n\u00e4chste St\u00fcck, nur gut 1 Minute lang, mit dem Text:<\/p>\n\n\n\n<p>Ich m\u00f6chte nicht mit dir schlafen<br>Ich m\u00f6chte jetzt was essen und dann schlafen gehen.<\/p>\n\n\n\n<p>Im dritten St\u00fcck &#8222;Co Co Pino&#8220; wird in spanischer Sprache ein inzestu\u00f6ses Liebesverh\u00e4ltnis zur Schwester thematisiert.<\/p>\n\n\n\n<p>Auf das ruhige St\u00fcck &#8222;Kinderfunk&#8220; folgt &#8222;Nacht Arbeit&#8220; mit dem programmatischen Text<\/p>\n\n\n\n<p>Das Leben ist flach. Erotik ist vorbei. Sex ist verkr\u00fcppelt. Normales Leben in der neuen Zeit. Lebensstandardssteigerung. Schnelle Pproduktion f\u00fcr die schnelle Republik. Wer t\u00e4glich stirbt, lebt f\u00fcr den Augenblick<\/p>\n\n\n\n<p>Das Leben ist langweilig. Sex macht keinen Spa\u00df. Sex macht keinen Spa\u00df. <\/p>\n\n\n\n<p>Nachtarbeit ist Arbeit in der Nacht. Nachtarbeit ist Arbeit in der Nacht. <br>Das Leben ist flach. Die Absicht ist gut, doch die Menschen sind schwach. Die Absicht ist gut, doch die Menschen sind schwach. Das Leben ist gut, doch die Menschen sind schwach. Das Leben ist gut, doch die Menschen sind schwach.<\/p>\n\n\n\n<p>Mit anderen Worten: Wer nur arbeitet und seinen Wohlstand mehrt, vergisst zu leben. <\/p>\n\n\n\n<p>In dem St\u00fcck: &#8222;Die lustigen Stiefel&#8220; (St\u00fcck 15) besch\u00e4ftigt sich Delgado in drei Zeilen mit der deutschen Vergangenheit. <\/p>\n\n\n\n<p>Nach einer schrillen geschrienen unverst\u00e4ndlichen Einleitung, die an Adolf Hitlers Reden erinnert, folgen die Zeilen <\/p>\n\n\n\n<p>Die lustigen Stiefel marschieren \u00fcber Polen<br>Die lustigen Stiefel marschieren \u00fcber Polen<br>Die lustigen Stiefel marschieren \u00fcber Polen<br>Die deutschen Kinder marschieren ein in Polen<br>In lustigen Stiefeln<\/p>\n\n\n\n<p>Ein Tabubruch, oder? Heute w\u00fcrde er daf\u00fcr auf allen &#8222;sozialen Medien&#8220; gesteinigt werden.<\/p>\n\n\n\n<p>Die ersten sieben St\u00fccke des Albums wurden im Studio aufgenommen, die folgenden St\u00fccke bei einem Live-Konzert im Electric Ballroom in Camden\/London.<\/p>\n\n\n\n<p>Mit dem St\u00fcck &#8222;Kebabtr\u00e4ume&#8220; nahmen DAF die Migrationswelle der n\u00e4chsten Jahrzehnte und die damit verbundene Diskussion vorweg. Das St\u00fcck war 1980 vision\u00e4r. Damals sprach man durchaus noch von &#8222;Gast&#8220;arbeitern, nicht von Fl\u00fcchtlingen und Migranten. Trotzdem war das St\u00fcck damals schon hochprovokatiov, wurde aber weitgehend einfach  ignoriert. Fehlfarben spielte es, in einer musikalisch besseren Version als &#8222;Milit\u00fcrk&#8220; nach. DAF selber spielte es auf Live-Konzerten, ver\u00f6ffentlichten es aber erst sp\u00e4ter auch auf einem Album.<\/p>\n\n\n\n<p>Kebab-Tr\u00e4ume in der Mauerstadt<br>T\u00fcrk-K\u00fclt\u00fcr hinter Stacheldraht<br>Neu-Izmir ist in der DDR<br>Atat\u00fcrk, der neue Herr<br><br>Miliyet f\u00fcr die Sowjet-Union<br>In jeder Imbi\u00dfstube, ein Spion<br>Im ZK, Agent aus T\u00fcrkei<br>Deutschland, Deutschland, alles ist vorbei!<\/p>\n\n\n\n<p>Kebab-Tr\u00e4ume in der Mauerstadt<br>T\u00fcrk-K\u00fclt\u00fcr hinter Stacheldraht<br>Neu-Izmir ist in der DDR<br>Atat\u00fcrk, der neue Herr<\/p>\n\n\n\n<p>Miliyet f\u00fcr die Sowjet-Union<br>In jeder Imbi\u00dfstube, ein Spion<br>Im ZK, Agent aus T\u00fcrkei<br>Deutschland, Deutschland, alles ist vorbei!<\/p>\n\n\n\n<p>Kebab-Tr\u00e4ume in der Mauerstadt<br>T\u00fcrk-K\u00fclt\u00fcr hinter Stacheldraht<br>Neu-Izmir ist in der DDR<br>Atat\u00fcrk, der neue Herr<\/p>\n\n\n\n<p>Miliyet f\u00fcr die Sowjet-Union<br>In jeder Imbi\u00dfstube, ein Spion<br>Im ZK, Agent aus T\u00fcrkei<br>Deutschland, Deutschland, alles ist vorbei!<\/p>\n\n\n\n<p>Wir sind die T\u00fcrken von morgen!<br>Wir sind die T\u00fcrken von morgen!<br>Wir sind die T\u00fcrken von morgen!<br>Wir sind die T\u00fcrken von morgen!<br>Wir sind die T\u00fcrken von morgen!<br>Wir sind die T\u00fcrken von morgen!<br>Wir sind die T\u00fcrken von morgen!<br>Wir sind die T\u00fcrken von morgen!<\/p>\n\n\n\n<figure class=\"wp-block-embed-youtube wp-block-embed is-type-video is-provider-youtube wp-embed-aspect-16-9 wp-has-aspect-ratio\"><div class=\"wp-block-embed__wrapper\">\n<iframe loading=\"lazy\" title=\"DAF - Kebabtr\u00e4ume (Live @ REWIND-easter-FEST 2012)\" width=\"500\" height=\"281\" src=\"https:\/\/www.youtube.com\/embed\/Oa7caM84WgU?feature=oembed\" frameborder=\"0\" allow=\"accelerometer; autoplay; clipboard-write; encrypted-media; gyroscope; picture-in-picture; web-share\" referrerpolicy=\"strict-origin-when-cross-origin\" allowfullscreen><\/iframe>\n<\/div><\/figure>\n\n\n\n<p>1981 folgten zwei weitere Alben, &#8222;Alles ist gut&#8220; und &#8222;Gold und Liebe&#8220;. Delgado und G\u00f6rl kultivierten nun den nackten Oberk\u00f6rper mit schwarzer Lederhose oder traten ganz in Leder auf. Die St\u00fccke waren tanzbarer, poppiger Elektrofunk mit Hits wie &#8222;Tanz den Mussolini&#8220; oder &#8222;Der R\u00e4uber und der Prinz&#8220;.<\/p>\n\n\n\n<figure class=\"wp-block-embed-youtube wp-block-embed is-type-video is-provider-youtube wp-embed-aspect-16-9 wp-has-aspect-ratio\"><div class=\"wp-block-embed__wrapper\">\n<iframe loading=\"lazy\" title=\"D.A.F. - Der Mussolini (Live @ WGT 2015)\" width=\"500\" height=\"281\" src=\"https:\/\/www.youtube.com\/embed\/D_SW4IvWCIk?feature=oembed\" frameborder=\"0\" allow=\"accelerometer; autoplay; clipboard-write; encrypted-media; gyroscope; picture-in-picture; web-share\" referrerpolicy=\"strict-origin-when-cross-origin\" allowfullscreen><\/iframe>\n<\/div><\/figure>\n\n\n\n<p>Aus den gesellschaftskritischen Ans\u00e4tzen des zweiten Albums wurden jetzt Botschaften wie &#8222;Verschwende deine Jugend&#8220; und &#8222;Verehre deinen Haarschnitt&#8220;. Im Mainstream hatte DAF damit einigen Erfolg und ist damit den gleichen Weg gegangen wie die ganze &#8222;Neue Deutsche Welle&#8220; Ende der 1970er\/ Anfang der 1980er Jahre &#8211; von der intelligenten Provokation in den flachen Kommerz. <\/p>\n\n\n\n<p>J\u00fcrgen Teipel w\u00e4hlte 2001 den DAF-Titel &#8222;Verschwende deine Jugend&#8220; als Titel f\u00fcr seine Roman-Dokumentation \u00fcber der Bewegung der &#8222;Neuen Deutschen Welle&#8220;. Diese war eine deutsche Version der englischsprachigen Punk-Bewegung. Allein, dass deutsche Texte gesungen wurden, ohne dass man dabei rot werden musste, war Revolution. Zuvor wurde nur in den verfemten Schlagern deutsch gesungen. Die kommerzielle Pervertierung der Neuen Deutschen Welle zu NDW begann aber schon 1981, wahrscheinlich mit dem Trio-Hit Dadada. <\/p>\n\n\n\n<figure class=\"wp-block-embed-youtube wp-block-embed is-type-video is-provider-youtube wp-embed-aspect-4-3 wp-has-aspect-ratio\"><div class=\"wp-block-embed__wrapper\">\n<iframe loading=\"lazy\" title=\"DAF 1986 live concert and interview at Rox Box television\" width=\"500\" height=\"375\" src=\"https:\/\/www.youtube.com\/embed\/MNYN9oBYUMs?start=352&#038;feature=oembed\" frameborder=\"0\" allow=\"accelerometer; autoplay; clipboard-write; encrypted-media; gyroscope; picture-in-picture; web-share\" referrerpolicy=\"strict-origin-when-cross-origin\" allowfullscreen><\/iframe>\n<\/div><\/figure>\n\n\n\n<p>Teipels Buch erschien 20 Jahre sp\u00e4ter und war eine sch\u00f6ne Erinnerung der nun schon oder fast 40-J\u00e4hrigen an ihre Jugendzeit. Inzwischen sind 20 weitere Jahre vergangen und die Helden von damals sterben jetzt.<\/p>\n\n\n\n<p>Gabi Delgado-Lopez starb am 23. M\u00e4rz 2020 in Spanien, im Alter von 61 Jahren- unerwartet, wie es hie\u00df. Man kann aber sicher sein, dass er in jungen Jahren nichts ausgelassen hat. Daraus hat er auch  keinen Hehl gemacht. Nach einigen Jahren des Streits und der Trennung hatten Delgado und G\u00f6rl wieder zusammen gefunden und traten bis zuletzt wieder gemeinsam als DAF auf. 2017 erschien eine von beiden autorisierte Biografie. <\/p>\n","protected":false},"excerpt":{"rendered":"<div class=\"mh-excerpt\"><p>Gabi Delgado Lopez war ohne Zweifel stilbildend, musikalisch und auch optisch. Er stammte aus Spanien, 1958 in Cordoba geboren, war als quasi-Waise bei Tanten aufgewachsen <a class=\"mh-excerpt-more\" href=\"http:\/\/www.andreschulz.de\/wordpress\/2020\/03\/24\/verschwende-deine-jugend-zum-tod-von-gabi-delgado-lopez\/\" title=\"Verschwende deine Jugend: Zum Tod von Gabi Delgado Lopez\">[&#8230;]<\/a><\/p>\n<\/div>","protected":false},"author":1,"featured_media":1672,"comment_status":"closed","ping_status":"closed","sticky":false,"template":"","format":"standard","meta":{"footnotes":""},"categories":[1],"tags":[37,36,490],"class_list":["post-1671","post","type-post","status-publish","format-standard","has-post-thumbnail","hentry","category-allgemein","tag-daf","tag-deutsch-amerikanische-freundschaft","tag-gabi-delgado-lopez"],"_links":{"self":[{"href":"http:\/\/www.andreschulz.de\/wordpress\/wp-json\/wp\/v2\/posts\/1671","targetHints":{"allow":["GET"]}}],"collection":[{"href":"http:\/\/www.andreschulz.de\/wordpress\/wp-json\/wp\/v2\/posts"}],"about":[{"href":"http:\/\/www.andreschulz.de\/wordpress\/wp-json\/wp\/v2\/types\/post"}],"author":[{"embeddable":true,"href":"http:\/\/www.andreschulz.de\/wordpress\/wp-json\/wp\/v2\/users\/1"}],"replies":[{"embeddable":true,"href":"http:\/\/www.andreschulz.de\/wordpress\/wp-json\/wp\/v2\/comments?post=1671"}],"version-history":[{"count":2,"href":"http:\/\/www.andreschulz.de\/wordpress\/wp-json\/wp\/v2\/posts\/1671\/revisions"}],"predecessor-version":[{"id":1674,"href":"http:\/\/www.andreschulz.de\/wordpress\/wp-json\/wp\/v2\/posts\/1671\/revisions\/1674"}],"wp:featuredmedia":[{"embeddable":true,"href":"http:\/\/www.andreschulz.de\/wordpress\/wp-json\/wp\/v2\/media\/1672"}],"wp:attachment":[{"href":"http:\/\/www.andreschulz.de\/wordpress\/wp-json\/wp\/v2\/media?parent=1671"}],"wp:term":[{"taxonomy":"category","embeddable":true,"href":"http:\/\/www.andreschulz.de\/wordpress\/wp-json\/wp\/v2\/categories?post=1671"},{"taxonomy":"post_tag","embeddable":true,"href":"http:\/\/www.andreschulz.de\/wordpress\/wp-json\/wp\/v2\/tags?post=1671"}],"curies":[{"name":"wp","href":"https:\/\/api.w.org\/{rel}","templated":true}]}}