{"id":885,"date":"2017-11-27T22:28:13","date_gmt":"2017-11-27T21:28:13","guid":{"rendered":"http:\/\/www.andreschulz.de\/wordpress\/?p=885"},"modified":"2018-03-18T23:21:58","modified_gmt":"2018-03-18T22:21:58","slug":"magisch-und-sakral-anna-ternheim","status":"publish","type":"post","link":"http:\/\/www.andreschulz.de\/wordpress\/2017\/11\/27\/magisch-und-sakral-anna-ternheim\/","title":{"rendered":"Magisch und sakral: Anna Ternheim"},"content":{"rendered":"<p><a href=\"http:\/\/www.andreschulz.de\/wordpress\/2017\/06\/26\/konzertliste-1980-bis-jetzt\/\">Konzertliste, 1980 bis jetzt<\/a><\/p>\n<p>Anna Ternheim, schwedische S\u00e4ngerin, ist musikalisch nicht so leicht zu fassen. Singt sie Folk, Pop oder vielleicht auch Jazz, wie manche glauben? Wenn\u00a0man ihr unbedingt ein Etikett aufkleben m\u00f6chte, dann passt vielleicht am besten Folk, aber sie unternimmt auch gerne Ausfl\u00fcge in andere Gefilde. Anna Ternheim schreibt ihre stimmungsvollen St\u00fccke selbst und im musikalischen Mittelpunkt ihrer Balladen steht immer ihre sch\u00f6ne, klare und facettenreiche Stimme. Drumherum gibt es spannende melodische Arrangements, manchmal \u00fcppig und laut, manchmal schlicht, aber\u00a0intensiv.<\/p>\n<p>Mit 17 Jahren war Anna Ternheim (geboren 1978) als Austauschsch\u00fclerin in den USA und gr\u00fcndete dort in Atlanta mit Freunden schon ihre erste Band: \u201eSova\u201c. Nach dem Abschluss ihrer Schulausbildung studierte sie in Lausanne zwei Jahre lang die franz\u00f6sische Sprache, dann begann sie in Stockholm ein Architekturstudium. W\u00e4hrenddessen pflegte sie ihrer Liebe zur Musik, schrieb eigene Songs und trat in Stockholmer Clubs auf. Schlie\u00dflich\u00a0trat die Musik ganz in den Vordergrund ihres Lebens.<\/p>\n<p>2003\/ 2004 ver\u00f6ffentlichte Anna Ternheim in Schweden ihre erste EP. 2007 erschien ihr erstes volles Album \u201eSeparation Road\u201c auch in Deutschland. Es folgten die Alben \u201eLeaving on a Mayday\u201c (2008), \u201eThe Night Visitor\u201c (2011), \u201eFor the Young\u201c (2015) und nun ganz frisch \u201eAll the Way to Rio\u201c (2017). Mit \u201eSeperation Road\u201c und \u201eLeaving on a Mayday\u201c zeichnete Anna Ternheim bereits ihr gro\u00dfes musikalisches Spektrum, das von sehr ruhigen, nachdenklichen St\u00fccken wie beispielsweise \u201eNo subtle Man\u201c bis zu schwungvollen, auch dramatischen Liedern\u00a0 wie \u201eLet it rain\u201c oder \u201eI\u2019m losing you\u201c reicht. Das Liebeslied \u201eWhat have I done\u201c, Er\u00f6ffnungsst\u00fcck auf\u00a0 &#8222;Leaving on a Mayday&#8220;, ist ein wahrer Ohrwurm und vielleicht das bekannteste St\u00fcck von Anna Ternheim. Manche Lieder flie\u00dfen ruhig dahin, andere\u00a0bilden gro\u00dfe Spannungsb\u00f6gen und steigern diese von Strophe zu Strophe. Der Aufbau von Spannung gelingt Anna Ternheim stets ganz ausgezeichnet. Au\u00dfer den Studio-Alben wurden inzwischen auch ein Live-Album und einige Remixes ver\u00f6ffentlicht.<\/p>\n<p>&nbsp;<\/p>\n<p><iframe loading=\"lazy\" src=\"https:\/\/www.youtube.com\/embed\/0EhTIbrpBUg\" width=\"640\" height=\"360\" frameborder=\"0\" allowfullscreen=\"allowfullscreen\"><\/iframe><\/p>\n<p>Im Rahmen ihrer Tourneen machte Anna Ternheim in den letzten Jahren einige Male auch in Hamburg Station, spielte in ganz unterschiedlichen Locations und auch in ganz verschiedener Begleitung. Ihren ersten Auftritt in Hamburg hatte sie 2007 auf dem Reeperbahn Festival. Sie spielte im Februar 2009 in der Hamburger Fabrik in kleinerer Besetzung und kam im September 2009 im \u201e\u00dcbel und Gef\u00e4hrlich\u201c, einem Club im Flakbunker auf dem Heiligengeistfeld, mit gro\u00dfer Begleitband und einem lauten und poppigen Auftritt. 2012 kehrte sie erneut nach Hamburg zur\u00fcck und lie\u00df nun im gro\u00dfen Saal der Kampnagel-Fabrik ein Wohnzimmer mit Couch und Stehlampe als einziger Lichtquelle aufbauen. Mit nur einem Mann Begleitung trug sie St\u00fccke aus ihrem Album \u201eThe Night Visitor\u201c, das in den USA unter dem Eindruck ihres Besuches in der Country-Metropole Nashville entstanden war. Nach einer Pause kam sie erst 2016 wieder und trat nun im Knust wieder in Pop-Besetzung auf.<\/p>\n<p>F\u00fcr ihre aktuelle Tour hat sie sich einige Kirchen als Konzertsaal gew\u00e4hlt. In Hamburg spielte sie in der Kulturkirche Altona St. Johannis. 1873 wurde diese im neogotischen Stil erbaut und war lange das christliche Zentrum Altonas.\u00a0 1994 wurde die Kirche durch die Brandstiftung eines Sch\u00fcler in gro\u00dfen Teilen zerst\u00f6rt. Inzwischen ist sie wieder saniert. \u00a0Am folgenden Tag spielte Anna Ternheim in Berlin-Kreuzberg in der Passionskirche.<\/p>\n<figure id=\"attachment_887\" aria-describedby=\"caption-attachment-887\" style=\"width: 881px\" class=\"wp-caption alignnone\"><img loading=\"lazy\" decoding=\"async\" class=\"wp-image-887 size-large\" src=\"http:\/\/www.andreschulz.de\/wordpress\/wp-content\/uploads\/2017\/11\/DSC07845a-881x1024.jpg\" alt=\"Anna Ternheim in der Kulturkirche Altona\" width=\"881\" height=\"1024\" srcset=\"http:\/\/www.andreschulz.de\/wordpress\/wp-content\/uploads\/2017\/11\/DSC07845a-881x1024.jpg 881w, http:\/\/www.andreschulz.de\/wordpress\/wp-content\/uploads\/2017\/11\/DSC07845a-258x300.jpg 258w, http:\/\/www.andreschulz.de\/wordpress\/wp-content\/uploads\/2017\/11\/DSC07845a-768x892.jpg 768w, http:\/\/www.andreschulz.de\/wordpress\/wp-content\/uploads\/2017\/11\/DSC07845a.jpg 1500w\" sizes=\"auto, (max-width: 881px) 100vw, 881px\" \/><figcaption id=\"caption-attachment-887\" class=\"wp-caption-text\">Anna Ternheim in der Kulturkirche Altona<\/figcaption><\/figure>\n<p>Das Konzert in der Kulturkirche Altona, die 600 Menschen Platz bietet, war ausverkauft. Im Mittelpunkt standen die neuen, sehr ruhigen St\u00fccke von der aktuellen CD \u201eAll the way to Rio\u201c. Anna Ternheim begleitete sich selbst an der Gitarre, manchmal am Klavier. Ihre einzige musikalische Unterst\u00fctzung war der virtuose schwedische Keyborder Martin Hederos und die beeindruckende Akustik des Kirchenschiffs.<\/p>\n<figure id=\"attachment_889\" aria-describedby=\"caption-attachment-889\" style=\"width: 1024px\" class=\"wp-caption alignnone\"><img loading=\"lazy\" decoding=\"async\" class=\"size-large wp-image-889\" src=\"http:\/\/www.andreschulz.de\/wordpress\/wp-content\/uploads\/2017\/11\/DSC07755a-1024x768.jpg\" alt=\"Anna Ternheim und Martin Hederos\" width=\"1024\" height=\"768\" srcset=\"http:\/\/www.andreschulz.de\/wordpress\/wp-content\/uploads\/2017\/11\/DSC07755a-1024x768.jpg 1024w, http:\/\/www.andreschulz.de\/wordpress\/wp-content\/uploads\/2017\/11\/DSC07755a-300x225.jpg 300w, http:\/\/www.andreschulz.de\/wordpress\/wp-content\/uploads\/2017\/11\/DSC07755a-768x576.jpg 768w, http:\/\/www.andreschulz.de\/wordpress\/wp-content\/uploads\/2017\/11\/DSC07755a-678x509.jpg 678w, http:\/\/www.andreschulz.de\/wordpress\/wp-content\/uploads\/2017\/11\/DSC07755a-326x245.jpg 326w, http:\/\/www.andreschulz.de\/wordpress\/wp-content\/uploads\/2017\/11\/DSC07755a-80x60.jpg 80w, http:\/\/www.andreschulz.de\/wordpress\/wp-content\/uploads\/2017\/11\/DSC07755a.jpg 1500w\" sizes=\"auto, (max-width: 1024px) 100vw, 1024px\" \/><figcaption id=\"caption-attachment-889\" class=\"wp-caption-text\">Anna Ternheim und Martin Hederos<\/figcaption><\/figure>\n<p>In Schweden ist Anna Ternheim ein Star, erreichte mit einigen Alben den 1.Platz in den Charts und\u00a0sorgte zum Beispiel bei der feierlichen Verleihung der Nobelpreisverleihung 2015 in Stockholm f\u00fcr das musikalische Rahmenprogramm. Auch in Deutschland hat Anna Ternheim inzwischen eine immer gr\u00f6\u00dfer werdenden Fangemeinde. Nicht nur in Hamburg, auch in Stuttgart, D\u00fcsseldorf und Berlin, den anderen drei deutschen Stationen ihrer Tournee, waren die Konzerte ausverkauft.<\/p>\n","protected":false},"excerpt":{"rendered":"<div class=\"mh-excerpt\"><p>Konzertliste, 1980 bis jetzt Anna Ternheim, schwedische S\u00e4ngerin, ist musikalisch nicht so leicht zu fassen. Singt sie Folk, Pop oder vielleicht auch Jazz, wie manche <a class=\"mh-excerpt-more\" href=\"http:\/\/www.andreschulz.de\/wordpress\/2017\/11\/27\/magisch-und-sakral-anna-ternheim\/\" title=\"Magisch und sakral: Anna Ternheim\">[&#8230;]<\/a><\/p>\n<\/div>","protected":false},"author":1,"featured_media":886,"comment_status":"open","ping_status":"closed","sticky":false,"template":"","format":"standard","meta":{"footnotes":""},"categories":[15],"tags":[76,152,151,149,153,150],"class_list":["post-885","post","type-post","status-publish","format-standard","has-post-thumbnail","hentry","category-musik","tag-anna-ternheim","tag-folk","tag-konzert","tag-kulturkirche-altona","tag-schweden","tag-st-johannis"],"_links":{"self":[{"href":"http:\/\/www.andreschulz.de\/wordpress\/wp-json\/wp\/v2\/posts\/885","targetHints":{"allow":["GET"]}}],"collection":[{"href":"http:\/\/www.andreschulz.de\/wordpress\/wp-json\/wp\/v2\/posts"}],"about":[{"href":"http:\/\/www.andreschulz.de\/wordpress\/wp-json\/wp\/v2\/types\/post"}],"author":[{"embeddable":true,"href":"http:\/\/www.andreschulz.de\/wordpress\/wp-json\/wp\/v2\/users\/1"}],"replies":[{"embeddable":true,"href":"http:\/\/www.andreschulz.de\/wordpress\/wp-json\/wp\/v2\/comments?post=885"}],"version-history":[{"count":6,"href":"http:\/\/www.andreschulz.de\/wordpress\/wp-json\/wp\/v2\/posts\/885\/revisions"}],"predecessor-version":[{"id":985,"href":"http:\/\/www.andreschulz.de\/wordpress\/wp-json\/wp\/v2\/posts\/885\/revisions\/985"}],"wp:featuredmedia":[{"embeddable":true,"href":"http:\/\/www.andreschulz.de\/wordpress\/wp-json\/wp\/v2\/media\/886"}],"wp:attachment":[{"href":"http:\/\/www.andreschulz.de\/wordpress\/wp-json\/wp\/v2\/media?parent=885"}],"wp:term":[{"taxonomy":"category","embeddable":true,"href":"http:\/\/www.andreschulz.de\/wordpress\/wp-json\/wp\/v2\/categories?post=885"},{"taxonomy":"post_tag","embeddable":true,"href":"http:\/\/www.andreschulz.de\/wordpress\/wp-json\/wp\/v2\/tags?post=885"}],"curies":[{"name":"wp","href":"https:\/\/api.w.org\/{rel}","templated":true}]}}