{"id":906,"date":"2017-12-08T23:47:44","date_gmt":"2017-12-08T22:47:44","guid":{"rendered":"http:\/\/www.andreschulz.de\/wordpress\/?p=906"},"modified":"2018-03-18T23:21:21","modified_gmt":"2018-03-18T22:21:21","slug":"die-schweizer-saengerin-mia-aegerter-in-hamburg","status":"publish","type":"post","link":"http:\/\/www.andreschulz.de\/wordpress\/2017\/12\/08\/die-schweizer-saengerin-mia-aegerter-in-hamburg\/","title":{"rendered":"Die Schweizer S\u00e4ngerin Mia Aegerter in Hamburg"},"content":{"rendered":"<p><a href=\"http:\/\/www.andreschulz.de\/wordpress\/2017\/06\/26\/konzertliste-1980-bis-jetzt\/\">Konzertliste, 1980 bis jetzt<\/a><\/p>\n<p>Mia Aegerter ist eine Schauspielerin und S\u00e4ngerin aus Freiburg im \u00dcechtland. Anfang des Jahrtausends war sie f\u00fcr einige Zeit als &#8222;Xenia de Montalban&#8220; regelm\u00e4\u00dfig in der RTL-Soap-Serie \u201eGute Zeiten, schlechte Zeiten zu sehen\u201c. 2003 verabschiedete sich die Schweizerin jedoch von der Serie und der Schauspielerei \u00fcberhaupt und widmete sich nun vor allem ihrer Leidenschaft f\u00fcr die Musik. Damit\u00a0folgte sie\u00a0ihren Eltern, die beide ebenfalls Musiker sind. Agerter moderierte Musiksendungen und begann\u00a0Lieder in Schweizer Mundart zu schreiben und zu singen und erhielt in der Schweiz daf\u00fcr mehrere Preise.<\/p>\n<p>Ihr erstes Album \u201eSo wie i bi \/ The Way I Am\u201c erschien Ende 2004. Knapp zwei Jahre sp\u00e4ter folgte &#8222;Vo M\u00e4nsche U Monschter \/ Of Humans &amp; Monsters.&#8220; Im Februar 2009 ver\u00f6ffentlichte sie ihr drittes Album \u201eChopf oder Buuch\u201c. Ihr viertes Album \u201eGr\u00e4nzg\u00e4ngerin\u201c\u00a0kam\u00a0im September 2012 heraus.<\/p>\n<p>Hie u jetzt (extended)<br \/>\nS\u00e4g mir was es bringt, wen ich \u00e4s l\u00e4b\u00e4 l\u00e4b<br \/>\nwon ich n\u00f6d w\u00fcrklich gl\u00fccklich bi<br \/>\naber ich l\u00e4bes glich<br \/>\nes isch \u00e4s guets l\u00e4b\u00e4 und, l\u00e4b\u00e4 m\u00f6chti s l\u00e4b\u00e4 f\u00fcr miS\u00e4g mir was es bringt durd tage z r\u00e4nn\u00e4<br \/>\n(w\u00e4g zrenn\u00e4 vo mir selber) immer noch d\u00e4 suechi nach no meh<br \/>\n(onis z xeh dassis scho lang haa)<br \/>\ni ha mi immer nume no nach uss\u00e4 orientiertEs isch hie, es isch jetzt, es isch ziet zum relax\u00e4 zum lu\u00e4g\u00e4 und stun\u00e4 es git keis geschtr und keis morn<br \/>\nEs isch hie, es isch jetzt, han entlich gfund\u00e4 was ich gsu\u00e4cht ha so puur und so simpel t\u00f6r f\u00f6r mir.<\/p>\n<p>S\u00e4g mir was es bringt, wenn ich mich ufreg\u00e4, fog\u00e4wag\u00e4 vom\u00e4 selber vo so sach\u00e4<br \/>\nwo n\u00f6d wichtig si, stad gedank\u00e4 zlenk\u00e4 so das chunt was ich w\u00fcrkli wott<br \/>\nmengisch mummr zrugg zum aafang ga (los lah dassess chan wiiter gah)z lebe ish a fluss so la di la triibe<br \/>\ni ha mi immr nume no nach uss\u00e4 orientiert.Es isch hie, es isch jetzt, es isch ziet zum relax\u00e4 zum lu\u00e4g\u00e4 und stun\u00e4 es git kei gescht\u00e4r und keis morn<br \/>\nEs isch hie, es isch jetzt, han entlich gfund\u00e4 was ich gsu\u00e4cht ha so puur und so simpel t\u00f6r f\u00f6r mir.ich durbrech\u00e4 ali grenz\u00e4 es git kei schrank\u00e4 wo sink\u00e4 hir merks n\u00fcd so das ich cha losgl\u00f6st zr\u00fcck cho its hie u jeztEs isch hier, es isch jetzt, es git kei geschter und keis morn, es isch hier,<br \/>\nha entlich gfund\u00e4 was ich gsuecht ha, so puur und so simpel.Jeje&#8230; oh&#8230; es isch hie, es isch jetzt, (es isch hie, es isch jetzt)<br \/>\nEs isch hie, es isch jetzt, es isch ziet zum relax\u00e4 zum lu\u00e4g\u00e4 und stun\u00e4 es git kei gescht\u00e4r und keis morn<br \/>\nEs isch hie, es isch jetzt, han entlich gfund\u00e4 was ich gsu\u00e4cht ha so puur und so simpel t\u00f6r f\u00f6r mir.S\u00e4g mir was es bringt, wenn nid l\u00e4b\u00e4, im hier und jetzt?<\/p>\n<p><iframe loading=\"lazy\" src=\"https:\/\/www.youtube.com\/embed\/_3RNb-mXOOA?list=PLZsfA4MaM58okFU9vKfbAt39zfbl3VCFh\" width=\"640\" height=\"360\" frameborder=\"0\" allowfullscreen=\"allowfullscreen\"><\/iframe><\/p>\n<p><span style=\"color: #000000; font-family: Calibri;\">Mit ihren Texten in Schwyzerd\u00fctsch erlangte Mia Aegerter in ihrem Heimatland einige Bekanntheit.\u00a0Nachdem si auch schon St\u00fccke in Englisch gesungen hatte, wagte sie sich im Mai 2017 auf Neuland und ver\u00f6ffentlichte ein <a href=\"https:\/\/www.pledgemusic.com\/projects\/miaaegerter\" target=\"_blank\" rel=\"noopener\">selbst produziertes Album<\/a> auf Hochdeutsch: \u201eNichts f\u00fcr Feiglinge\u201c.<\/span><\/p>\n<p><iframe loading=\"lazy\" src=\"https:\/\/www.youtube.com\/embed\/U6RebJJW4t4\" width=\"640\" height=\"360\" frameborder=\"0\" allowfullscreen=\"allowfullscreen\"><\/iframe><\/p>\n<p>Im November\/ Dezember 2017 ging Mia Aegerter mit ihrem neuen Album auch in einigen deutschen St\u00e4dten auf Tournee, zusammen mit den\u00a0Gitarristen Martin Fliegenschmidt und Thimo Sander und einem Schlagzeuger.\u00a0Am 25. November war sie zu Gast im Hamburger Nochtspeicher, und dort in der kleinen Nochtwache, einer Bar im Gew\u00f6lbekeller des stilvollen alten Speichers.<\/p>\n<p>&nbsp;<\/p>\n<figure id=\"attachment_908\" aria-describedby=\"caption-attachment-908\" style=\"width: 1024px\" class=\"wp-caption alignnone\"><img loading=\"lazy\" decoding=\"async\" class=\"size-large wp-image-908\" src=\"http:\/\/www.andreschulz.de\/wordpress\/wp-content\/uploads\/2018\/01\/DSC08018-1024x734.jpg\" alt=\"\" width=\"1024\" height=\"734\" srcset=\"http:\/\/www.andreschulz.de\/wordpress\/wp-content\/uploads\/2018\/01\/DSC08018-1024x734.jpg 1024w, http:\/\/www.andreschulz.de\/wordpress\/wp-content\/uploads\/2018\/01\/DSC08018-300x215.jpg 300w, http:\/\/www.andreschulz.de\/wordpress\/wp-content\/uploads\/2018\/01\/DSC08018-768x551.jpg 768w, http:\/\/www.andreschulz.de\/wordpress\/wp-content\/uploads\/2018\/01\/DSC08018.jpg 2000w\" sizes=\"auto, (max-width: 1024px) 100vw, 1024px\" \/><figcaption id=\"caption-attachment-908\" class=\"wp-caption-text\">Mia Agerter im Hamburger Nochtspeicher<\/figcaption><\/figure>\n<p>In Deutschland ist Aegerter bei Weitem noch nicht so bekannt wie in der Schweiz und so verloren sich viel weniger Zuh\u00f6rer in die Nochtwache als die ausdrucksstarke S\u00e4ngerin und ihre Begleitmusiker es eigentlich verdient h\u00e4tten. Die Band und ihre Frontfrau lie\u00dfen sich dadurch aber die Laune nicht verderben und zogen das Publikum mit ihren intensiven, manchmal melancholischen St\u00fccken in ihren Bann.<\/p>\n<p>&nbsp;<\/p>\n<figure id=\"attachment_909\" aria-describedby=\"caption-attachment-909\" style=\"width: 1024px\" class=\"wp-caption alignnone\"><img loading=\"lazy\" decoding=\"async\" class=\"wp-image-909 size-large\" src=\"http:\/\/www.andreschulz.de\/wordpress\/wp-content\/uploads\/2018\/01\/DSC07995-1024x715.jpg\" alt=\"Mia Aegerter im Hamburger Nochtspeicher\" width=\"1024\" height=\"715\" srcset=\"http:\/\/www.andreschulz.de\/wordpress\/wp-content\/uploads\/2018\/01\/DSC07995-1024x715.jpg 1024w, http:\/\/www.andreschulz.de\/wordpress\/wp-content\/uploads\/2018\/01\/DSC07995-300x210.jpg 300w, http:\/\/www.andreschulz.de\/wordpress\/wp-content\/uploads\/2018\/01\/DSC07995-768x536.jpg 768w, http:\/\/www.andreschulz.de\/wordpress\/wp-content\/uploads\/2018\/01\/DSC07995.jpg 2000w\" sizes=\"auto, (max-width: 1024px) 100vw, 1024px\" \/><figcaption id=\"caption-attachment-909\" class=\"wp-caption-text\">Mia Aegerter im Hamburger Nochtspeicher<\/figcaption><\/figure>\n<p>&nbsp;<\/p>\n<figure id=\"attachment_910\" aria-describedby=\"caption-attachment-910\" style=\"width: 1024px\" class=\"wp-caption alignnone\"><img loading=\"lazy\" decoding=\"async\" class=\"wp-image-910 size-large\" src=\"http:\/\/www.andreschulz.de\/wordpress\/wp-content\/uploads\/2018\/01\/DSC08041-1024x750.jpg\" alt=\"Mia Aegerter mit Band im Hamburger Nochtspeicher\" width=\"1024\" height=\"750\" srcset=\"http:\/\/www.andreschulz.de\/wordpress\/wp-content\/uploads\/2018\/01\/DSC08041-1024x750.jpg 1024w, http:\/\/www.andreschulz.de\/wordpress\/wp-content\/uploads\/2018\/01\/DSC08041-300x220.jpg 300w, http:\/\/www.andreschulz.de\/wordpress\/wp-content\/uploads\/2018\/01\/DSC08041-768x562.jpg 768w, http:\/\/www.andreschulz.de\/wordpress\/wp-content\/uploads\/2018\/01\/DSC08041-80x60.jpg 80w, http:\/\/www.andreschulz.de\/wordpress\/wp-content\/uploads\/2018\/01\/DSC08041.jpg 2000w\" sizes=\"auto, (max-width: 1024px) 100vw, 1024px\" \/><figcaption id=\"caption-attachment-910\" class=\"wp-caption-text\">Mia Aegerter mit Band im Hamburger Nochtspeicher<\/figcaption><\/figure>\n<figure id=\"attachment_911\" aria-describedby=\"caption-attachment-911\" style=\"width: 1024px\" class=\"wp-caption alignnone\"><img loading=\"lazy\" decoding=\"async\" class=\"wp-image-911 size-large\" src=\"http:\/\/www.andreschulz.de\/wordpress\/wp-content\/uploads\/2018\/01\/DSC08073-1024x726.jpg\" alt=\"Mia Aegerter mit Band im Hamburger Nochtspeicher\" width=\"1024\" height=\"726\" srcset=\"http:\/\/www.andreschulz.de\/wordpress\/wp-content\/uploads\/2018\/01\/DSC08073-1024x726.jpg 1024w, http:\/\/www.andreschulz.de\/wordpress\/wp-content\/uploads\/2018\/01\/DSC08073-300x213.jpg 300w, http:\/\/www.andreschulz.de\/wordpress\/wp-content\/uploads\/2018\/01\/DSC08073-768x545.jpg 768w, http:\/\/www.andreschulz.de\/wordpress\/wp-content\/uploads\/2018\/01\/DSC08073.jpg 2000w\" sizes=\"auto, (max-width: 1024px) 100vw, 1024px\" \/><figcaption id=\"caption-attachment-911\" class=\"wp-caption-text\">Mia Aegerter mit Band im Hamburger Nochtspeicher<\/figcaption><\/figure>\n<p>Die zumeist auf Hochdeutsch vorgetragenen St\u00fccke luden zum Nachdenken ein. Als Reminiszenz auf den in diesem Jahr verstorbenen David Bowie pr\u00e4sentierte die Band um Mia Aegerter aber auch ihre Version der Ballade &#8222;Heroes&#8220;. Das Album &#8222;Nichts f\u00fcr Feiglinge&#8220; und seine Begleittournee beweisen, dass die charmante S\u00e4ngerin auch im Deutschen zuhause ist, trotzdem: das Schwyzerd\u00fctsche\u00a0entlockt der Deutschen\u00a0Sprache noch\u00a0viele\u00a0hierzulande unbekannte Facetten. Auf keinen Fall sollte Mia Aegerter das aufgeben. Wer will, versteht sie auch\u00a0so.<\/p>\n<p><iframe loading=\"lazy\" src=\"https:\/\/www.youtube.com\/embed\/UVH02rVzNpY\" width=\"640\" height=\"360\" frameborder=\"0\" allowfullscreen=\"allowfullscreen\"><\/iframe><\/p>\n<p>Links:<\/p>\n<p><a href=\"http:\/\/www.miaaegerter.de\/\" target=\"_blank\" rel=\"noopener\">Mia Aegerter Homepage<\/a><\/p>\n<p><a href=\"https:\/\/www.youtube.com\/channel\/UCm3Pu394zUYY82OqQb0fKPA\" target=\"_blank\" rel=\"noopener\">Mia Aegerter Youtube Channel<\/a><\/p>\n<p><a href=\"http:\/\/www.miaaegerter.de\/blog\/\" target=\"_blank\" rel=\"noopener\">Mia Aegerter Blog<\/a><\/p>\n","protected":false},"excerpt":{"rendered":"<div class=\"mh-excerpt\"><p>Konzertliste, 1980 bis jetzt Mia Aegerter ist eine Schauspielerin und S\u00e4ngerin aus Freiburg im \u00dcechtland. Anfang des Jahrtausends war sie f\u00fcr einige Zeit als &#8222;Xenia <a class=\"mh-excerpt-more\" href=\"http:\/\/www.andreschulz.de\/wordpress\/2017\/12\/08\/die-schweizer-saengerin-mia-aegerter-in-hamburg\/\" title=\"Die Schweizer S\u00e4ngerin Mia Aegerter in Hamburg\">[&#8230;]<\/a><\/p>\n<\/div>","protected":false},"author":1,"featured_media":907,"comment_status":"open","ping_status":"closed","sticky":false,"template":"","format":"standard","meta":{"footnotes":""},"categories":[15],"tags":[170,167,114,142,169],"class_list":["post-906","post","type-post","status-publish","format-standard","has-post-thumbnail","hentry","category-musik","tag-hamburg","tag-mia-aegerter","tag-nochtspeicher","tag-nochtwache","tag-schwyzerduetsch"],"_links":{"self":[{"href":"http:\/\/www.andreschulz.de\/wordpress\/wp-json\/wp\/v2\/posts\/906","targetHints":{"allow":["GET"]}}],"collection":[{"href":"http:\/\/www.andreschulz.de\/wordpress\/wp-json\/wp\/v2\/posts"}],"about":[{"href":"http:\/\/www.andreschulz.de\/wordpress\/wp-json\/wp\/v2\/types\/post"}],"author":[{"embeddable":true,"href":"http:\/\/www.andreschulz.de\/wordpress\/wp-json\/wp\/v2\/users\/1"}],"replies":[{"embeddable":true,"href":"http:\/\/www.andreschulz.de\/wordpress\/wp-json\/wp\/v2\/comments?post=906"}],"version-history":[{"count":9,"href":"http:\/\/www.andreschulz.de\/wordpress\/wp-json\/wp\/v2\/posts\/906\/revisions"}],"predecessor-version":[{"id":984,"href":"http:\/\/www.andreschulz.de\/wordpress\/wp-json\/wp\/v2\/posts\/906\/revisions\/984"}],"wp:featuredmedia":[{"embeddable":true,"href":"http:\/\/www.andreschulz.de\/wordpress\/wp-json\/wp\/v2\/media\/907"}],"wp:attachment":[{"href":"http:\/\/www.andreschulz.de\/wordpress\/wp-json\/wp\/v2\/media?parent=906"}],"wp:term":[{"taxonomy":"category","embeddable":true,"href":"http:\/\/www.andreschulz.de\/wordpress\/wp-json\/wp\/v2\/categories?post=906"},{"taxonomy":"post_tag","embeddable":true,"href":"http:\/\/www.andreschulz.de\/wordpress\/wp-json\/wp\/v2\/tags?post=906"}],"curies":[{"name":"wp","href":"https:\/\/api.w.org\/{rel}","templated":true}]}}