{"id":930,"date":"2018-01-16T21:53:09","date_gmt":"2018-01-16T20:53:09","guid":{"rendered":"http:\/\/www.andreschulz.de\/wordpress\/?p=930"},"modified":"2018-10-20T21:03:43","modified_gmt":"2018-10-20T19:03:43","slug":"matthias-deutschmann-im-polittbuero","status":"publish","type":"post","link":"http:\/\/www.andreschulz.de\/wordpress\/2018\/01\/16\/matthias-deutschmann-im-polittbuero\/","title":{"rendered":"Matthias Deutschmann im Polittb\u00fcro"},"content":{"rendered":"<p>Das Hamburger Polittb\u00fcro \u2013 die zwei \u201et\u2018s\u201c sind Absicht \u2013, ist die eigene B\u00fchne des Kabarett-Duos \u201eHerrchens Frauchen\u201c \u2013 das sind Lisa Politt und Gunther Schmidt. Einst war hier, am Hamburger Steindamm 45, ein Kino, das \u201eNeue Cinema\u201c &#8211;\u00a01951 er\u00f6ffnet, 2000 geschlossen. Danach wurde das Haus zeitweise vom Schauspielhaus als dritte Spielst\u00e4tte betrieben. 2005 \u00fcbernahm schlie\u00dflich die \u201eHerrchen Frauchen GbR\u201c das Theater mit ca. 320 Pl\u00e4tzen, aufgeteilt in Parkett und Balkon. Seitlich sind ein paar St\u00fchle hinzu gestellt. Wer ganz sp\u00e4t kommt, setzt sich einfach auf den Tisch am Rand. Hier ist man nicht kompliziert. Der rotpl\u00fcschige Kinobarock erinnert an vergangene Zeiten und der Internetaufritt ebenfalls: Hier ist eine Briefmarke mit dem Konterfei von Karl Marx aufgeklebt, dort wird zur Sammlung f\u00fcr minderj\u00e4hrige unbegleitete Fl\u00fcchtlinge aufgerufen. Die missionarische Befindlichkeit der 68-Nachkommen ist hier nicht nur Kabarett-Programm. Seit der M\u00fcnchner Lach-und-Schie\u00df-Gesellschaft, ach was: schon immer, \u00a0steht das Kabarett per definitionem links \u2013 oder hat jemals jemand von einem rechten oder konservativen Kabarett geh\u00f6rt? Nur aus der linken Ecke werden die Zielscheiben mehr oder minder pointiert beschossen, die ideologischen Feindbilder zu Zielscheiben gemacht.<\/p>\n<p>Doch sind \u201elinks\u201c und \u201erechts\u201c heute \u00fcberhaupt noch sinnvolle politische oder gesellschaftliche Beschreibungen? Oder vielleicht nur noch Erinnerungen an eine Zeit naiver,\u00a0von der Realit\u00e4t inzwischen l\u00e4ngst widerlegter Utopien &#8211; Etiketten aus der Kabarett-Antike.<\/p>\n<p>Wer zum Poliitb\u00fcro will und vom Hauptbahnhof kommt, muss den Orient durchqueren. Orientalische Gem\u00fcsel\u00e4den, T\u00fcrkische Fris\u00f6re und andere Basare s\u00e4umen den Weg. Hier ist Hamburgs &#8222;Souk&#8220;, aber nicht so bunt und vielf\u00e4ltig wie im Original.<\/p>\n<figure id=\"attachment_932\" aria-describedby=\"caption-attachment-932\" style=\"width: 1024px\" class=\"wp-caption alignnone\"><img loading=\"lazy\" decoding=\"async\" class=\"size-large wp-image-932\" src=\"http:\/\/www.andreschulz.de\/wordpress\/wp-content\/uploads\/2018\/01\/20180113_184432-1024x671.jpg\" alt=\"Polittb\u00fcro und Gem\u00fcsestand\" width=\"1024\" height=\"671\" srcset=\"http:\/\/www.andreschulz.de\/wordpress\/wp-content\/uploads\/2018\/01\/20180113_184432-1024x671.jpg 1024w, http:\/\/www.andreschulz.de\/wordpress\/wp-content\/uploads\/2018\/01\/20180113_184432-300x197.jpg 300w, http:\/\/www.andreschulz.de\/wordpress\/wp-content\/uploads\/2018\/01\/20180113_184432-768x503.jpg 768w, http:\/\/www.andreschulz.de\/wordpress\/wp-content\/uploads\/2018\/01\/20180113_184432.jpg 2000w\" sizes=\"auto, (max-width: 1024px) 100vw, 1024px\" \/><figcaption id=\"caption-attachment-932\" class=\"wp-caption-text\">Das Polittb\u00fcro in der Steinstra\u00dfe. Davor gibt es Gem\u00fcse<\/figcaption><\/figure>\n<p>Und wer die Steinstra\u00dfe per Auto durchquert, muss wissen: Hier gelten andere Regeln &#8211; wenn \u00fcberhaupt. Doch der Weg lohnt sich, auch f\u00fcr den deutschsprachigen Wanderer auf der Steinstra\u00dfe. Inmitten des Basars liegt, als deutsch-b\u00fcrgerliche Kulturblase, das Polittb\u00fcro. Selbstverst\u00e4ndlich pflegt und begr\u00fc\u00dft man hier auch offenherzig den oder das Fremde.<\/p>\n<figure id=\"attachment_933\" aria-describedby=\"caption-attachment-933\" style=\"width: 218px\" class=\"wp-caption alignleft\"><img loading=\"lazy\" decoding=\"async\" class=\"size-medium wp-image-933\" src=\"http:\/\/www.andreschulz.de\/wordpress\/wp-content\/uploads\/2018\/01\/20180113_184553-218x300.jpg\" alt=\"Matthias Deutschmann im Polittb\u00fcro\" width=\"218\" height=\"300\" srcset=\"http:\/\/www.andreschulz.de\/wordpress\/wp-content\/uploads\/2018\/01\/20180113_184553-218x300.jpg 218w, http:\/\/www.andreschulz.de\/wordpress\/wp-content\/uploads\/2018\/01\/20180113_184553-745x1024.jpg 745w, http:\/\/www.andreschulz.de\/wordpress\/wp-content\/uploads\/2018\/01\/20180113_184553.jpg 766w\" sizes=\"auto, (max-width: 218px) 100vw, 218px\" \/><figcaption id=\"caption-attachment-933\" class=\"wp-caption-text\">Matthias Deutschmann im Polittb\u00fcro<\/figcaption><\/figure>\n<p>\u201eIch komme aus Freiburg, das ist im S\u00fcden, von Hamburg mindestens zwei Klimazonen entfernt\u201c, weckt Matthias Deutschman beim Hamburger Publikum augenzwinkernd Neid. Wenn Matthias Deutschmann nach Hamburg kommt, ist das Polittb\u00fcro ausverkauft. Auch an zwei Tagen hintereinander. Der Mann mit dem Cello hat aber nicht nur in der Hansestadt eine angestammte Fangemeinde und viele Freunde.<\/p>\n<p>Matthias Deutschmann ist der etwas andere Kabarettist. Vielleicht ist er auch einer der letzten politischen Kabarettisten \u00fcberhaupt. Mit Deutschmann kommt Musik ins Kabarett. Das Cello ist sein Markenzeichen und wenn er sein Cellospiel auf der B\u00fchne einsetzt, sehr dosiert, dann wird das Programm poetisch und etwas melancholisch. Meist. Er kann aber auch anders. So schafft es Deutschmann beispielsweise auch, dem Streich-Instrument Dudelsack-artige Ger\u00e4usche zu entlocken \u2013 als er \u00fcber den \u201eBrexit\u201c, den Austritt Gro\u00dfbritanniens aus der Europ\u00e4ischen Gemeinschaft spricht und dar\u00fcber nachdenkt, wie die Nordiren und Schotten darauf reagieren werden. \u201eDie Waliser werde sich mit den Bretonen vereinigen\u201c, prophezeit er. Und endlich k\u00e4men die Republik Irland und Nordirland zusammen.\u00a0Die Abspaltungstendenzen einzelner Regionen Europas ist eines der Themen des Programms. Kann dieser europ\u00e4ische Trend auch auf Deutschland \u00fcbergreifen, auf Bayern oder Baden?: \u201eDie Farben Badens sind die gleichen wie die Kataloniens. Wir haben weniger Streifen. Aber die sind dicker!\u201c<\/p>\n<p>Matthias Deutschmann eilt in den knapp zwei Stunden seines Programms durch die Themenwelt der letzten zwei Jahre. Es beginnt 2015 mit den Ausschreitungen enthemmter Migranten auf der K\u00f6lner Domplatte und der verst\u00f6rten, desorientierten Reaktion der Medien. Der Spiegel-Kolumnist Jakob Augstein kriegt sein Fett weg und muss sich den Vergleich mit seinem Stiefvater Rudolf Augstein gefallen lassen. Ein Vergleich David\u00a0mit Goliath, aber David ohne treffsichere Schleuder- gemein. \u00a0Augstein junior hatte die \u00dcbergriffe seinerzeit als \u201eein paar Grabschereien\u201c kleinzureden versucht.<\/p>\n<p>Matthias Deutschmann spricht die Themen an, aber schreibt seinem Publikum nicht vor, wie es dar\u00fcber zu denken hat. Nur manchmal l\u00e4sst er einen eigenen Standpunkt durchscheinen. Niemand muss sich hier mit einer anderen Meinung unwohl f\u00fchlen. Deutschmann ist das (inhaltliche) Schwergewicht des deutschen Kabaretts, aber seine Themen durchf\u00e4hrt er mit der Leichtigkeit eines Eiskunstl\u00e4ufers. Politisch bissig mit Sinn f\u00fcr die Pointe, bisweilen schelmenhaft. Manchmal f\u00fchrt er sein Publikum auch in den Klamauk, z.B. beim Hubschrauber-Angriff des ADAC auf die Bundeswehr. Das gr\u00f6\u00dfte Ziel bietet Angela Merkel. In einem h\u00fcbschen Gag wird sie von Deutschmann zum Schluss des Programms als Hape Kerkeling enttarnt. \u201eWir haben es immer gewusst\u201c, ruft der Kabarettist fr\u00f6hlich.<\/p>\n<p>Ein Klassiker ist\u00a0Matthias Deutschmanns Cello-St\u00fcck \u00fcber die GEMA, im Polittb\u00fcro als Zugabe gegeben. Inzwischen gibt es davon unz\u00e4hlige Versionen. Alle sind gut und machen einen Menge Spa\u00df.<\/p>\n<p>Wer Deutschmann nicht sehen kann, kann ihn lesen. Sein Buch \u201eNoch nicht reif, aber schon faul\u201c ist eine Aufsatzsammlung zu verschiedenen aktuellen gesellschaftlichen Themen. Nach seinen Vorstellungen erh\u00e4lt man es von ihm auch signiert.<\/p>\n<figure id=\"attachment_934\" aria-describedby=\"caption-attachment-934\" style=\"width: 1024px\" class=\"wp-caption alignnone\"><img loading=\"lazy\" decoding=\"async\" class=\"wp-image-934 size-large\" src=\"http:\/\/www.andreschulz.de\/wordpress\/wp-content\/uploads\/2018\/01\/20180113_223302-1024x687.jpg\" alt=\"\" width=\"1024\" height=\"687\" srcset=\"http:\/\/www.andreschulz.de\/wordpress\/wp-content\/uploads\/2018\/01\/20180113_223302-1024x687.jpg 1024w, http:\/\/www.andreschulz.de\/wordpress\/wp-content\/uploads\/2018\/01\/20180113_223302-300x201.jpg 300w, http:\/\/www.andreschulz.de\/wordpress\/wp-content\/uploads\/2018\/01\/20180113_223302-768x515.jpg 768w, http:\/\/www.andreschulz.de\/wordpress\/wp-content\/uploads\/2018\/01\/20180113_223302.jpg 2000w\" sizes=\"auto, (max-width: 1024px) 100vw, 1024px\" \/><figcaption id=\"caption-attachment-934\" class=\"wp-caption-text\">Matthias Deutschmann signiert sein Buch &#8222;Noch nicht reif, aber schon faul&#8220;<\/figcaption><\/figure>\n<p><a href=\"https:\/\/matthiasdeutschmann.de\/\">https:\/\/matthiasdeutschmann.de\/<\/a><\/p>\n<p><a href=\"https:\/\/de.wikipedia.org\/wiki\/Matthias_Deutschmann\">https:\/\/de.wikipedia.org\/wiki\/Matthias_Deutschmann<\/a><\/p>\n<p><a href=\"http:\/\/www.polittbuero.de\/\">http:\/\/www.polittbuero.de\/<\/a><\/p>\n","protected":false},"excerpt":{"rendered":"<div class=\"mh-excerpt\"><p>Das Hamburger Polittb\u00fcro \u2013 die zwei \u201et\u2018s\u201c sind Absicht \u2013, ist die eigene B\u00fchne des Kabarett-Duos \u201eHerrchens Frauchen\u201c \u2013 das sind Lisa Politt und Gunther <a class=\"mh-excerpt-more\" href=\"http:\/\/www.andreschulz.de\/wordpress\/2018\/01\/16\/matthias-deutschmann-im-polittbuero\/\" title=\"Matthias Deutschmann im Polittb\u00fcro\">[&#8230;]<\/a><\/p>\n<\/div>","protected":false},"author":1,"featured_media":931,"comment_status":"open","ping_status":"closed","sticky":false,"template":"","format":"standard","meta":{"footnotes":""},"categories":[183],"tags":[188,185,184,186,187],"class_list":["post-930","post","type-post","status-publish","format-standard","has-post-thumbnail","hentry","category-kabarett","tag-cello","tag-kabarett","tag-matthias-deutschmann","tag-politisches-kabarett","tag-polittbuero"],"_links":{"self":[{"href":"http:\/\/www.andreschulz.de\/wordpress\/wp-json\/wp\/v2\/posts\/930","targetHints":{"allow":["GET"]}}],"collection":[{"href":"http:\/\/www.andreschulz.de\/wordpress\/wp-json\/wp\/v2\/posts"}],"about":[{"href":"http:\/\/www.andreschulz.de\/wordpress\/wp-json\/wp\/v2\/types\/post"}],"author":[{"embeddable":true,"href":"http:\/\/www.andreschulz.de\/wordpress\/wp-json\/wp\/v2\/users\/1"}],"replies":[{"embeddable":true,"href":"http:\/\/www.andreschulz.de\/wordpress\/wp-json\/wp\/v2\/comments?post=930"}],"version-history":[{"count":2,"href":"http:\/\/www.andreschulz.de\/wordpress\/wp-json\/wp\/v2\/posts\/930\/revisions"}],"predecessor-version":[{"id":1192,"href":"http:\/\/www.andreschulz.de\/wordpress\/wp-json\/wp\/v2\/posts\/930\/revisions\/1192"}],"wp:featuredmedia":[{"embeddable":true,"href":"http:\/\/www.andreschulz.de\/wordpress\/wp-json\/wp\/v2\/media\/931"}],"wp:attachment":[{"href":"http:\/\/www.andreschulz.de\/wordpress\/wp-json\/wp\/v2\/media?parent=930"}],"wp:term":[{"taxonomy":"category","embeddable":true,"href":"http:\/\/www.andreschulz.de\/wordpress\/wp-json\/wp\/v2\/categories?post=930"},{"taxonomy":"post_tag","embeddable":true,"href":"http:\/\/www.andreschulz.de\/wordpress\/wp-json\/wp\/v2\/tags?post=930"}],"curies":[{"name":"wp","href":"https:\/\/api.w.org\/{rel}","templated":true}]}}